{"id":24,"date":"2026-05-01T16:19:44","date_gmt":"2026-05-01T16:19:44","guid":{"rendered":"https:\/\/miguelarcangel.com\/?p=24"},"modified":"2026-05-01T16:19:44","modified_gmt":"2026-05-01T16:19:44","slug":"alertan-mar-agitado-feriado-1-mayo-ecuador","status":"publish","type":"post","link":"https:\/\/miguelarcangel.com\/?p=24","title":{"rendered":"Alertan mar agitado durante el feriado del 1 de Mayo en Ecuador"},"content":{"rendered":"<p>Durante el feriado del 1 de Mayo, las autoridades emitieron una alerta por <strong>mar agitado<\/strong> en las playas del Ecuador. La advertencia estar\u00e1 vigente hasta el <strong>4 de mayo de 2026<\/strong>.<\/p>\n<p>La recomendaci\u00f3n principal es que los turistas respeten las se\u00f1ales de seguridad, eviten ingresar al mar en zonas peligrosas y sigan las indicaciones de salvavidas y organismos de control.<\/p>\n<p>Esta alerta es importante para las familias que viajan a destinos costeros durante el feriado, especialmente por el incremento de visitantes en playas del pa\u00eds.<\/p>\n<p><strong>Fuente:<\/strong> Teleamazonas<br \/><strong>Redacci\u00f3n:<\/strong> Miguel Arc\u00e1ngel \/ Notivisi\u00f3n<\/p>\n<p><a href=\"https:\/\/www.teleamazonas.com\/actualidad\/noticias\/ecuador\/alerta-mar-agitado-feriado-1-mayo-bandera-amarilla\/\" target=\"_blank\" rel=\"noopener\">Ver referencia original<\/a><\/p>\n","protected":false},"excerpt":{"rendered":"<p>Las autoridades recomiendan precauci\u00f3n a quienes visiten las playas del pa\u00eds, debido a condiciones de mar agitado durante el feriado.<\/p>\n","protected":false},"author":1,"featured_media":25,"comment_status":"open","ping_status":"open","sticky":false,"template":"","format":"standard","meta":{"footnotes":""},"categories":[6,3],"tags":[],"class_list":["post-24","post","type-post","status-publish","format-standard","has-post-thumbnail","hentry","category-comunidad","category-nacionales"],"yoast_head":"<!-- This site is optimized with the Yoast SEO plugin v27.5 - https:\/\/yoast.com\/product\/yoast-seo-wordpress\/ -->\n<title>Alertan mar agitado durante el feriado del 1 de Mayo en Ecuador - Miguel Arc\u00e1ngel<\/title>\n<meta name=\"robots\" content=\"index, follow, max-snippet:-1, max-image-preview:large, max-video-preview:-1\" \/>\n<link rel=\"canonical\" href=\"https:\/\/miguelarcangel.com\/?p=24\" \/>\n<meta property=\"og:locale\" content=\"es_ES\" \/>\n<meta property=\"og:type\" content=\"article\" \/>\n<meta property=\"og:title\" content=\"Alertan mar agitado durante el feriado del 1 de Mayo en Ecuador - Miguel Arc\u00e1ngel\" \/>\n<meta property=\"og:description\" content=\"Las autoridades recomiendan precauci\u00f3n a quienes visiten las playas del pa\u00eds, debido a condiciones de mar agitado durante el feriado.\" \/>\n<meta property=\"og:url\" content=\"https:\/\/miguelarcangel.com\/?p=24\" \/>\n<meta property=\"og:site_name\" content=\"Miguel Arc\u00e1ngel\" \/>\n<meta property=\"article:published_time\" content=\"2026-05-01T16:19:44+00:00\" \/>\n<meta name=\"author\" content=\"admin\" \/>\n<meta name=\"twitter:card\" content=\"summary_large_image\" \/>\n<meta name=\"twitter:label1\" content=\"Escrito por\" \/>\n\t<meta name=\"twitter:data1\" content=\"admin\" \/>\n<script type=\"application\/ld+json\" class=\"yoast-schema-graph\">{\"@context\":\"https:\\\/\\\/schema.org\",\"@graph\":[{\"@type\":\"Article\",\"@id\":\"https:\\\/\\\/miguelarcangel.com\\\/?p=24#article\",\"isPartOf\":{\"@id\":\"https:\\\/\\\/miguelarcangel.com\\\/?p=24\"},\"author\":{\"name\":\"admin\",\"@id\":\"https:\\\/\\\/miguelarcangel.com\\\/#\\\/schema\\\/person\\\/c417d988b572ac61d26febe46c6855ea\"},\"headline\":\"Alertan mar agitado durante el feriado del 1 de Mayo en Ecuador\",\"datePublished\":\"2026-05-01T16:19:44+00:00\",\"mainEntityOfPage\":{\"@id\":\"https:\\\/\\\/miguelarcangel.com\\\/?p=24\"},\"wordCount\":108,\"commentCount\":0,\"image\":{\"@id\":\"https:\\\/\\\/miguelarcangel.com\\\/?p=24#primaryimage\"},\"thumbnailUrl\":\"https:\\\/\\\/miguelarcangel.com\\\/wp-content\\\/uploads\\\/2026\\\/05\\\/09-mar-agitado.jpg\",\"articleSection\":[\"Comunidad\",\"Nacionales\"],\"inLanguage\":\"es\",\"potentialAction\":[{\"@type\":\"CommentAction\",\"name\":\"Comment\",\"target\":[\"https:\\\/\\\/miguelarcangel.com\\\/?p=24#respond\"]}]},{\"@type\":\"WebPage\",\"@id\":\"https:\\\/\\\/miguelarcangel.com\\\/?p=24\",\"url\":\"https:\\\/\\\/miguelarcangel.com\\\/?p=24\",\"name\":\"Alertan mar agitado durante el feriado del 1 de Mayo en Ecuador - Miguel Arc\u00e1ngel\",\"isPartOf\":{\"@id\":\"https:\\\/\\\/miguelarcangel.com\\\/#website\"},\"primaryImageOfPage\":{\"@id\":\"https:\\\/\\\/miguelarcangel.com\\\/?p=24#primaryimage\"},\"image\":{\"@id\":\"https:\\\/\\\/miguelarcangel.com\\\/?p=24#primaryimage\"},\"thumbnailUrl\":\"https:\\\/\\\/miguelarcangel.com\\\/wp-content\\\/uploads\\\/2026\\\/05\\\/09-mar-agitado.jpg\",\"datePublished\":\"2026-05-01T16:19:44+00:00\",\"author\":{\"@id\":\"https:\\\/\\\/miguelarcangel.com\\\/#\\\/schema\\\/person\\\/c417d988b572ac61d26febe46c6855ea\"},\"breadcrumb\":{\"@id\":\"https:\\\/\\\/miguelarcangel.com\\\/?p=24#breadcrumb\"},\"inLanguage\":\"es\",\"potentialAction\":[{\"@type\":\"ReadAction\",\"target\":[\"https:\\\/\\\/miguelarcangel.com\\\/?p=24\"]}]},{\"@type\":\"ImageObject\",\"inLanguage\":\"es\",\"@id\":\"https:\\\/\\\/miguelarcangel.com\\\/?p=24#primaryimage\",\"url\":\"https:\\\/\\\/miguelarcangel.com\\\/wp-content\\\/uploads\\\/2026\\\/05\\\/09-mar-agitado.jpg\",\"contentUrl\":\"https:\\\/\\\/miguelarcangel.com\\\/wp-content\\\/uploads\\\/2026\\\/05\\\/09-mar-agitado.jpg\",\"width\":1280,\"height\":1024},{\"@type\":\"BreadcrumbList\",\"@id\":\"https:\\\/\\\/miguelarcangel.com\\\/?p=24#breadcrumb\",\"itemListElement\":[{\"@type\":\"ListItem\",\"position\":1,\"name\":\"Portada\",\"item\":\"https:\\\/\\\/miguelarcangel.com\\\/\"},{\"@type\":\"ListItem\",\"position\":2,\"name\":\"Alertan mar agitado durante el feriado del 1 de Mayo en Ecuador\"}]},{\"@type\":\"WebSite\",\"@id\":\"https:\\\/\\\/miguelarcangel.com\\\/#website\",\"url\":\"https:\\\/\\\/miguelarcangel.com\\\/\",\"name\":\"Miguel Arc\u00e1ngel\",\"description\":\"\",\"potentialAction\":[{\"@type\":\"SearchAction\",\"target\":{\"@type\":\"EntryPoint\",\"urlTemplate\":\"https:\\\/\\\/miguelarcangel.com\\\/?s={search_term_string}\"},\"query-input\":{\"@type\":\"PropertyValueSpecification\",\"valueRequired\":true,\"valueName\":\"search_term_string\"}}],\"inLanguage\":\"es\"},{\"@type\":\"Person\",\"@id\":\"https:\\\/\\\/miguelarcangel.com\\\/#\\\/schema\\\/person\\\/c417d988b572ac61d26febe46c6855ea\",\"name\":\"admin\",\"image\":{\"@type\":\"ImageObject\",\"inLanguage\":\"es\",\"@id\":\"https:\\\/\\\/secure.gravatar.com\\\/avatar\\\/07243bc189448fd71a2d8cf17a279bfb84f39ae37bde4f2a9f3d1912d25ae5b9?s=96&d=mm&r=g\",\"url\":\"https:\\\/\\\/secure.gravatar.com\\\/avatar\\\/07243bc189448fd71a2d8cf17a279bfb84f39ae37bde4f2a9f3d1912d25ae5b9?s=96&d=mm&r=g\",\"contentUrl\":\"https:\\\/\\\/secure.gravatar.com\\\/avatar\\\/07243bc189448fd71a2d8cf17a279bfb84f39ae37bde4f2a9f3d1912d25ae5b9?s=96&d=mm&r=g\",\"caption\":\"admin\"},\"sameAs\":[\"https:\\\/\\\/miguelarcangel.com\"],\"url\":\"https:\\\/\\\/miguelarcangel.com\\\/?author=1\"}]}<\/script>\n<!-- \/ Yoast SEO plugin. -->","yoast_head_json":{"title":"Alertan mar agitado durante el feriado del 1 de Mayo en Ecuador - Miguel Arc\u00e1ngel","robots":{"index":"index","follow":"follow","max-snippet":"max-snippet:-1","max-image-preview":"max-image-preview:large","max-video-preview":"max-video-preview:-1"},"canonical":"https:\/\/miguelarcangel.com\/?p=24","og_locale":"es_ES","og_type":"article","og_title":"Alertan mar agitado durante el feriado del 1 de Mayo en Ecuador - Miguel Arc\u00e1ngel","og_description":"Las autoridades recomiendan precauci\u00f3n a quienes visiten las playas del pa\u00eds, debido a condiciones de mar agitado durante el feriado.","og_url":"https:\/\/miguelarcangel.com\/?p=24","og_site_name":"Miguel Arc\u00e1ngel","article_published_time":"2026-05-01T16:19:44+00:00","author":"admin","twitter_card":"summary_large_image","twitter_misc":{"Escrito por":"admin"},"schema":{"@context":"https:\/\/schema.org","@graph":[{"@type":"Article","@id":"https:\/\/miguelarcangel.com\/?p=24#article","isPartOf":{"@id":"https:\/\/miguelarcangel.com\/?p=24"},"author":{"name":"admin","@id":"https:\/\/miguelarcangel.com\/#\/schema\/person\/c417d988b572ac61d26febe46c6855ea"},"headline":"Alertan mar agitado durante el feriado del 1 de Mayo en Ecuador","datePublished":"2026-05-01T16:19:44+00:00","mainEntityOfPage":{"@id":"https:\/\/miguelarcangel.com\/?p=24"},"wordCount":108,"commentCount":0,"image":{"@id":"https:\/\/miguelarcangel.com\/?p=24#primaryimage"},"thumbnailUrl":"https:\/\/miguelarcangel.com\/wp-content\/uploads\/2026\/05\/09-mar-agitado.jpg","articleSection":["Comunidad","Nacionales"],"inLanguage":"es","potentialAction":[{"@type":"CommentAction","name":"Comment","target":["https:\/\/miguelarcangel.com\/?p=24#respond"]}]},{"@type":"WebPage","@id":"https:\/\/miguelarcangel.com\/?p=24","url":"https:\/\/miguelarcangel.com\/?p=24","name":"Alertan mar agitado durante el feriado del 1 de Mayo en Ecuador - Miguel Arc\u00e1ngel","isPartOf":{"@id":"https:\/\/miguelarcangel.com\/#website"},"primaryImageOfPage":{"@id":"https:\/\/miguelarcangel.com\/?p=24#primaryimage"},"image":{"@id":"https:\/\/miguelarcangel.com\/?p=24#primaryimage"},"thumbnailUrl":"https:\/\/miguelarcangel.com\/wp-content\/uploads\/2026\/05\/09-mar-agitado.jpg","datePublished":"2026-05-01T16:19:44+00:00","author":{"@id":"https:\/\/miguelarcangel.com\/#\/schema\/person\/c417d988b572ac61d26febe46c6855ea"},"breadcrumb":{"@id":"https:\/\/miguelarcangel.com\/?p=24#breadcrumb"},"inLanguage":"es","potentialAction":[{"@type":"ReadAction","target":["https:\/\/miguelarcangel.com\/?p=24"]}]},{"@type":"ImageObject","inLanguage":"es","@id":"https:\/\/miguelarcangel.com\/?p=24#primaryimage","url":"https:\/\/miguelarcangel.com\/wp-content\/uploads\/2026\/05\/09-mar-agitado.jpg","contentUrl":"https:\/\/miguelarcangel.com\/wp-content\/uploads\/2026\/05\/09-mar-agitado.jpg","width":1280,"height":1024},{"@type":"BreadcrumbList","@id":"https:\/\/miguelarcangel.com\/?p=24#breadcrumb","itemListElement":[{"@type":"ListItem","position":1,"name":"Portada","item":"https:\/\/miguelarcangel.com\/"},{"@type":"ListItem","position":2,"name":"Alertan mar agitado durante el feriado del 1 de Mayo en Ecuador"}]},{"@type":"WebSite","@id":"https:\/\/miguelarcangel.com\/#website","url":"https:\/\/miguelarcangel.com\/","name":"Miguel Arc\u00e1ngel","description":"","potentialAction":[{"@type":"SearchAction","target":{"@type":"EntryPoint","urlTemplate":"https:\/\/miguelarcangel.com\/?s={search_term_string}"},"query-input":{"@type":"PropertyValueSpecification","valueRequired":true,"valueName":"search_term_string"}}],"inLanguage":"es"},{"@type":"Person","@id":"https:\/\/miguelarcangel.com\/#\/schema\/person\/c417d988b572ac61d26febe46c6855ea","name":"admin","image":{"@type":"ImageObject","inLanguage":"es","@id":"https:\/\/secure.gravatar.com\/avatar\/07243bc189448fd71a2d8cf17a279bfb84f39ae37bde4f2a9f3d1912d25ae5b9?s=96&d=mm&r=g","url":"https:\/\/secure.gravatar.com\/avatar\/07243bc189448fd71a2d8cf17a279bfb84f39ae37bde4f2a9f3d1912d25ae5b9?s=96&d=mm&r=g","contentUrl":"https:\/\/secure.gravatar.com\/avatar\/07243bc189448fd71a2d8cf17a279bfb84f39ae37bde4f2a9f3d1912d25ae5b9?s=96&d=mm&r=g","caption":"admin"},"sameAs":["https:\/\/miguelarcangel.com"],"url":"https:\/\/miguelarcangel.com\/?author=1"}]}},"_links":{"self":[{"href":"https:\/\/miguelarcangel.com\/index.php?rest_route=\/wp\/v2\/posts\/24","targetHints":{"allow":["GET"]}}],"collection":[{"href":"https:\/\/miguelarcangel.com\/index.php?rest_route=\/wp\/v2\/posts"}],"about":[{"href":"https:\/\/miguelarcangel.com\/index.php?rest_route=\/wp\/v2\/types\/post"}],"author":[{"embeddable":true,"href":"https:\/\/miguelarcangel.com\/index.php?rest_route=\/wp\/v2\/users\/1"}],"replies":[{"embeddable":true,"href":"https:\/\/miguelarcangel.com\/index.php?rest_route=%2Fwp%2Fv2%2Fcomments&post=24"}],"version-history":[{"count":0,"href":"https:\/\/miguelarcangel.com\/index.php?rest_route=\/wp\/v2\/posts\/24\/revisions"}],"wp:featuredmedia":[{"embeddable":true,"href":"https:\/\/miguelarcangel.com\/index.php?rest_route=\/wp\/v2\/media\/25"}],"wp:attachment":[{"href":"https:\/\/miguelarcangel.com\/index.php?rest_route=%2Fwp%2Fv2%2Fmedia&parent=24"}],"wp:term":[{"taxonomy":"category","embeddable":true,"href":"https:\/\/miguelarcangel.com\/index.php?rest_route=%2Fwp%2Fv2%2Fcategories&post=24"},{"taxonomy":"post_tag","embeddable":true,"href":"https:\/\/miguelarcangel.com\/index.php?rest_route=%2Fwp%2Fv2%2Ftags&post=24"}],"curies":[{"name":"wp","href":"https:\/\/api.w.org\/{rel}","templated":true}]}}