{"id":22,"date":"2026-05-01T16:19:44","date_gmt":"2026-05-01T16:19:44","guid":{"rendered":"https:\/\/miguelarcangel.com\/?p=22"},"modified":"2026-05-01T16:19:44","modified_gmt":"2026-05-01T16:19:44","slug":"educacion-abre-convocatoria-mas-1500-vacantes-consejeria-estudiantil","status":"publish","type":"post","link":"https:\/\/miguelarcangel.com\/?p=22","title":{"rendered":"Educaci\u00f3n abre convocatoria para m\u00e1s de 1.500 vacantes en Consejer\u00eda Estudiantil"},"content":{"rendered":"<p>El Ministerio de Educaci\u00f3n, Deporte y Cultura abri\u00f3 una convocatoria para cubrir <strong>1.553 plazas<\/strong> en los Departamentos de Consejer\u00eda Estudiantil, conocidos como DECE.<\/p>\n<p>Los profesionales seleccionados ingresar\u00e1n bajo contrato ocasional y apoyar\u00e1n la atenci\u00f3n psicosocial dentro del sistema educativo. Seg\u00fan el reporte, la medida busca aumentar la cobertura nacional de atenci\u00f3n del <strong>54,4 % al 70 %<\/strong> en instituciones del r\u00e9gimen Costa-Gal\u00e1pagos.<\/p>\n<p>Entre los perfiles requeridos est\u00e1n profesionales de educaci\u00f3n, ciencias sociales, salud y bienestar, como psicolog\u00eda, trabajo social y \u00e1reas afines. Tambi\u00e9n se inform\u00f3 que el sueldo asignado corresponde a <strong>USD 817<\/strong> bajo la categor\u00eda Servidor P\u00fablico 1.<\/p>\n<p><strong>Fuente:<\/strong> Ecuavisa \/ Ministerio de Educaci\u00f3n<br \/><strong>Redacci\u00f3n:<\/strong> Miguel Arc\u00e1ngel \/ Notivisi\u00f3n<\/p>\n<p><a href=\"https:\/\/www.ecuavisa.com\/ecuador\/ministerio-educacion-vacantes-dece-20260425-0035.html\" target=\"_blank\" rel=\"noopener\">Ver referencia original<\/a><\/p>\n","protected":false},"excerpt":{"rendered":"<p>El Ministerio de Educaci\u00f3n abri\u00f3 un proceso para contratar profesionales DECE y fortalecer la atenci\u00f3n psicosocial en instituciones educativas.<\/p>\n","protected":false},"author":1,"featured_media":23,"comment_status":"open","ping_status":"open","sticky":false,"template":"","format":"standard","meta":{"footnotes":""},"categories":[6,3],"tags":[],"class_list":["post-22","post","type-post","status-publish","format-standard","has-post-thumbnail","hentry","category-comunidad","category-nacionales"],"yoast_head":"<!-- This site is optimized with the Yoast SEO plugin v27.5 - https:\/\/yoast.com\/product\/yoast-seo-wordpress\/ -->\n<title>Educaci\u00f3n abre convocatoria para m\u00e1s de 1.500 vacantes en Consejer\u00eda Estudiantil - Miguel Arc\u00e1ngel<\/title>\n<meta name=\"robots\" content=\"index, follow, max-snippet:-1, max-image-preview:large, max-video-preview:-1\" \/>\n<link rel=\"canonical\" href=\"https:\/\/miguelarcangel.com\/?p=22\" \/>\n<meta property=\"og:locale\" content=\"es_ES\" \/>\n<meta property=\"og:type\" content=\"article\" \/>\n<meta property=\"og:title\" content=\"Educaci\u00f3n abre convocatoria para m\u00e1s de 1.500 vacantes en Consejer\u00eda Estudiantil - Miguel Arc\u00e1ngel\" \/>\n<meta property=\"og:description\" content=\"El Ministerio de Educaci\u00f3n abri\u00f3 un proceso para contratar profesionales DECE y fortalecer la atenci\u00f3n psicosocial en instituciones educativas.\" \/>\n<meta property=\"og:url\" content=\"https:\/\/miguelarcangel.com\/?p=22\" \/>\n<meta property=\"og:site_name\" content=\"Miguel Arc\u00e1ngel\" \/>\n<meta property=\"article:published_time\" content=\"2026-05-01T16:19:44+00:00\" \/>\n<meta name=\"author\" content=\"admin\" \/>\n<meta name=\"twitter:card\" content=\"summary_large_image\" \/>\n<meta name=\"twitter:label1\" content=\"Escrito por\" \/>\n\t<meta name=\"twitter:data1\" content=\"admin\" \/>\n\t<meta name=\"twitter:label2\" content=\"Tiempo de lectura\" \/>\n\t<meta name=\"twitter:data2\" content=\"1 minuto\" \/>\n<script type=\"application\/ld+json\" class=\"yoast-schema-graph\">{\"@context\":\"https:\\\/\\\/schema.org\",\"@graph\":[{\"@type\":\"Article\",\"@id\":\"https:\\\/\\\/miguelarcangel.com\\\/?p=22#article\",\"isPartOf\":{\"@id\":\"https:\\\/\\\/miguelarcangel.com\\\/?p=22\"},\"author\":{\"name\":\"admin\",\"@id\":\"https:\\\/\\\/miguelarcangel.com\\\/#\\\/schema\\\/person\\\/c417d988b572ac61d26febe46c6855ea\"},\"headline\":\"Educaci\u00f3n abre convocatoria para m\u00e1s de 1.500 vacantes en Consejer\u00eda Estudiantil\",\"datePublished\":\"2026-05-01T16:19:44+00:00\",\"mainEntityOfPage\":{\"@id\":\"https:\\\/\\\/miguelarcangel.com\\\/?p=22\"},\"wordCount\":136,\"commentCount\":0,\"image\":{\"@id\":\"https:\\\/\\\/miguelarcangel.com\\\/?p=22#primaryimage\"},\"thumbnailUrl\":\"https:\\\/\\\/miguelarcangel.com\\\/wp-content\\\/uploads\\\/2026\\\/05\\\/08-vacantes-dece.jpg\",\"articleSection\":[\"Comunidad\",\"Nacionales\"],\"inLanguage\":\"es\",\"potentialAction\":[{\"@type\":\"CommentAction\",\"name\":\"Comment\",\"target\":[\"https:\\\/\\\/miguelarcangel.com\\\/?p=22#respond\"]}]},{\"@type\":\"WebPage\",\"@id\":\"https:\\\/\\\/miguelarcangel.com\\\/?p=22\",\"url\":\"https:\\\/\\\/miguelarcangel.com\\\/?p=22\",\"name\":\"Educaci\u00f3n abre convocatoria para m\u00e1s de 1.500 vacantes en Consejer\u00eda Estudiantil - Miguel Arc\u00e1ngel\",\"isPartOf\":{\"@id\":\"https:\\\/\\\/miguelarcangel.com\\\/#website\"},\"primaryImageOfPage\":{\"@id\":\"https:\\\/\\\/miguelarcangel.com\\\/?p=22#primaryimage\"},\"image\":{\"@id\":\"https:\\\/\\\/miguelarcangel.com\\\/?p=22#primaryimage\"},\"thumbnailUrl\":\"https:\\\/\\\/miguelarcangel.com\\\/wp-content\\\/uploads\\\/2026\\\/05\\\/08-vacantes-dece.jpg\",\"datePublished\":\"2026-05-01T16:19:44+00:00\",\"author\":{\"@id\":\"https:\\\/\\\/miguelarcangel.com\\\/#\\\/schema\\\/person\\\/c417d988b572ac61d26febe46c6855ea\"},\"breadcrumb\":{\"@id\":\"https:\\\/\\\/miguelarcangel.com\\\/?p=22#breadcrumb\"},\"inLanguage\":\"es\",\"potentialAction\":[{\"@type\":\"ReadAction\",\"target\":[\"https:\\\/\\\/miguelarcangel.com\\\/?p=22\"]}]},{\"@type\":\"ImageObject\",\"inLanguage\":\"es\",\"@id\":\"https:\\\/\\\/miguelarcangel.com\\\/?p=22#primaryimage\",\"url\":\"https:\\\/\\\/miguelarcangel.com\\\/wp-content\\\/uploads\\\/2026\\\/05\\\/08-vacantes-dece.jpg\",\"contentUrl\":\"https:\\\/\\\/miguelarcangel.com\\\/wp-content\\\/uploads\\\/2026\\\/05\\\/08-vacantes-dece.jpg\",\"width\":1280,\"height\":1024},{\"@type\":\"BreadcrumbList\",\"@id\":\"https:\\\/\\\/miguelarcangel.com\\\/?p=22#breadcrumb\",\"itemListElement\":[{\"@type\":\"ListItem\",\"position\":1,\"name\":\"Portada\",\"item\":\"https:\\\/\\\/miguelarcangel.com\\\/\"},{\"@type\":\"ListItem\",\"position\":2,\"name\":\"Educaci\u00f3n abre convocatoria para m\u00e1s de 1.500 vacantes en Consejer\u00eda Estudiantil\"}]},{\"@type\":\"WebSite\",\"@id\":\"https:\\\/\\\/miguelarcangel.com\\\/#website\",\"url\":\"https:\\\/\\\/miguelarcangel.com\\\/\",\"name\":\"Miguel Arc\u00e1ngel\",\"description\":\"\",\"potentialAction\":[{\"@type\":\"SearchAction\",\"target\":{\"@type\":\"EntryPoint\",\"urlTemplate\":\"https:\\\/\\\/miguelarcangel.com\\\/?s={search_term_string}\"},\"query-input\":{\"@type\":\"PropertyValueSpecification\",\"valueRequired\":true,\"valueName\":\"search_term_string\"}}],\"inLanguage\":\"es\"},{\"@type\":\"Person\",\"@id\":\"https:\\\/\\\/miguelarcangel.com\\\/#\\\/schema\\\/person\\\/c417d988b572ac61d26febe46c6855ea\",\"name\":\"admin\",\"image\":{\"@type\":\"ImageObject\",\"inLanguage\":\"es\",\"@id\":\"https:\\\/\\\/secure.gravatar.com\\\/avatar\\\/07243bc189448fd71a2d8cf17a279bfb84f39ae37bde4f2a9f3d1912d25ae5b9?s=96&d=mm&r=g\",\"url\":\"https:\\\/\\\/secure.gravatar.com\\\/avatar\\\/07243bc189448fd71a2d8cf17a279bfb84f39ae37bde4f2a9f3d1912d25ae5b9?s=96&d=mm&r=g\",\"contentUrl\":\"https:\\\/\\\/secure.gravatar.com\\\/avatar\\\/07243bc189448fd71a2d8cf17a279bfb84f39ae37bde4f2a9f3d1912d25ae5b9?s=96&d=mm&r=g\",\"caption\":\"admin\"},\"sameAs\":[\"https:\\\/\\\/miguelarcangel.com\"],\"url\":\"https:\\\/\\\/miguelarcangel.com\\\/?author=1\"}]}<\/script>\n<!-- \/ Yoast SEO plugin. -->","yoast_head_json":{"title":"Educaci\u00f3n abre convocatoria para m\u00e1s de 1.500 vacantes en Consejer\u00eda Estudiantil - Miguel Arc\u00e1ngel","robots":{"index":"index","follow":"follow","max-snippet":"max-snippet:-1","max-image-preview":"max-image-preview:large","max-video-preview":"max-video-preview:-1"},"canonical":"https:\/\/miguelarcangel.com\/?p=22","og_locale":"es_ES","og_type":"article","og_title":"Educaci\u00f3n abre convocatoria para m\u00e1s de 1.500 vacantes en Consejer\u00eda Estudiantil - Miguel Arc\u00e1ngel","og_description":"El Ministerio de Educaci\u00f3n abri\u00f3 un proceso para contratar profesionales DECE y fortalecer la atenci\u00f3n psicosocial en instituciones educativas.","og_url":"https:\/\/miguelarcangel.com\/?p=22","og_site_name":"Miguel Arc\u00e1ngel","article_published_time":"2026-05-01T16:19:44+00:00","author":"admin","twitter_card":"summary_large_image","twitter_misc":{"Escrito por":"admin","Tiempo de lectura":"1 minuto"},"schema":{"@context":"https:\/\/schema.org","@graph":[{"@type":"Article","@id":"https:\/\/miguelarcangel.com\/?p=22#article","isPartOf":{"@id":"https:\/\/miguelarcangel.com\/?p=22"},"author":{"name":"admin","@id":"https:\/\/miguelarcangel.com\/#\/schema\/person\/c417d988b572ac61d26febe46c6855ea"},"headline":"Educaci\u00f3n abre convocatoria para m\u00e1s de 1.500 vacantes en Consejer\u00eda Estudiantil","datePublished":"2026-05-01T16:19:44+00:00","mainEntityOfPage":{"@id":"https:\/\/miguelarcangel.com\/?p=22"},"wordCount":136,"commentCount":0,"image":{"@id":"https:\/\/miguelarcangel.com\/?p=22#primaryimage"},"thumbnailUrl":"https:\/\/miguelarcangel.com\/wp-content\/uploads\/2026\/05\/08-vacantes-dece.jpg","articleSection":["Comunidad","Nacionales"],"inLanguage":"es","potentialAction":[{"@type":"CommentAction","name":"Comment","target":["https:\/\/miguelarcangel.com\/?p=22#respond"]}]},{"@type":"WebPage","@id":"https:\/\/miguelarcangel.com\/?p=22","url":"https:\/\/miguelarcangel.com\/?p=22","name":"Educaci\u00f3n abre convocatoria para m\u00e1s de 1.500 vacantes en Consejer\u00eda Estudiantil - Miguel Arc\u00e1ngel","isPartOf":{"@id":"https:\/\/miguelarcangel.com\/#website"},"primaryImageOfPage":{"@id":"https:\/\/miguelarcangel.com\/?p=22#primaryimage"},"image":{"@id":"https:\/\/miguelarcangel.com\/?p=22#primaryimage"},"thumbnailUrl":"https:\/\/miguelarcangel.com\/wp-content\/uploads\/2026\/05\/08-vacantes-dece.jpg","datePublished":"2026-05-01T16:19:44+00:00","author":{"@id":"https:\/\/miguelarcangel.com\/#\/schema\/person\/c417d988b572ac61d26febe46c6855ea"},"breadcrumb":{"@id":"https:\/\/miguelarcangel.com\/?p=22#breadcrumb"},"inLanguage":"es","potentialAction":[{"@type":"ReadAction","target":["https:\/\/miguelarcangel.com\/?p=22"]}]},{"@type":"ImageObject","inLanguage":"es","@id":"https:\/\/miguelarcangel.com\/?p=22#primaryimage","url":"https:\/\/miguelarcangel.com\/wp-content\/uploads\/2026\/05\/08-vacantes-dece.jpg","contentUrl":"https:\/\/miguelarcangel.com\/wp-content\/uploads\/2026\/05\/08-vacantes-dece.jpg","width":1280,"height":1024},{"@type":"BreadcrumbList","@id":"https:\/\/miguelarcangel.com\/?p=22#breadcrumb","itemListElement":[{"@type":"ListItem","position":1,"name":"Portada","item":"https:\/\/miguelarcangel.com\/"},{"@type":"ListItem","position":2,"name":"Educaci\u00f3n abre convocatoria para m\u00e1s de 1.500 vacantes en Consejer\u00eda Estudiantil"}]},{"@type":"WebSite","@id":"https:\/\/miguelarcangel.com\/#website","url":"https:\/\/miguelarcangel.com\/","name":"Miguel Arc\u00e1ngel","description":"","potentialAction":[{"@type":"SearchAction","target":{"@type":"EntryPoint","urlTemplate":"https:\/\/miguelarcangel.com\/?s={search_term_string}"},"query-input":{"@type":"PropertyValueSpecification","valueRequired":true,"valueName":"search_term_string"}}],"inLanguage":"es"},{"@type":"Person","@id":"https:\/\/miguelarcangel.com\/#\/schema\/person\/c417d988b572ac61d26febe46c6855ea","name":"admin","image":{"@type":"ImageObject","inLanguage":"es","@id":"https:\/\/secure.gravatar.com\/avatar\/07243bc189448fd71a2d8cf17a279bfb84f39ae37bde4f2a9f3d1912d25ae5b9?s=96&d=mm&r=g","url":"https:\/\/secure.gravatar.com\/avatar\/07243bc189448fd71a2d8cf17a279bfb84f39ae37bde4f2a9f3d1912d25ae5b9?s=96&d=mm&r=g","contentUrl":"https:\/\/secure.gravatar.com\/avatar\/07243bc189448fd71a2d8cf17a279bfb84f39ae37bde4f2a9f3d1912d25ae5b9?s=96&d=mm&r=g","caption":"admin"},"sameAs":["https:\/\/miguelarcangel.com"],"url":"https:\/\/miguelarcangel.com\/?author=1"}]}},"_links":{"self":[{"href":"https:\/\/miguelarcangel.com\/index.php?rest_route=\/wp\/v2\/posts\/22","targetHints":{"allow":["GET"]}}],"collection":[{"href":"https:\/\/miguelarcangel.com\/index.php?rest_route=\/wp\/v2\/posts"}],"about":[{"href":"https:\/\/miguelarcangel.com\/index.php?rest_route=\/wp\/v2\/types\/post"}],"author":[{"embeddable":true,"href":"https:\/\/miguelarcangel.com\/index.php?rest_route=\/wp\/v2\/users\/1"}],"replies":[{"embeddable":true,"href":"https:\/\/miguelarcangel.com\/index.php?rest_route=%2Fwp%2Fv2%2Fcomments&post=22"}],"version-history":[{"count":0,"href":"https:\/\/miguelarcangel.com\/index.php?rest_route=\/wp\/v2\/posts\/22\/revisions"}],"wp:featuredmedia":[{"embeddable":true,"href":"https:\/\/miguelarcangel.com\/index.php?rest_route=\/wp\/v2\/media\/23"}],"wp:attachment":[{"href":"https:\/\/miguelarcangel.com\/index.php?rest_route=%2Fwp%2Fv2%2Fmedia&parent=22"}],"wp:term":[{"taxonomy":"category","embeddable":true,"href":"https:\/\/miguelarcangel.com\/index.php?rest_route=%2Fwp%2Fv2%2Fcategories&post=22"},{"taxonomy":"post_tag","embeddable":true,"href":"https:\/\/miguelarcangel.com\/index.php?rest_route=%2Fwp%2Fv2%2Ftags&post=22"}],"curies":[{"name":"wp","href":"https:\/\/api.w.org\/{rel}","templated":true}]}}