{"id":18,"date":"2026-05-01T16:19:44","date_gmt":"2026-05-01T16:19:44","guid":{"rendered":"https:\/\/miguelarcangel.com\/?p=18"},"modified":"2026-05-01T16:19:44","modified_gmt":"2026-05-01T16:19:44","slug":"onu-advierte-posible-regreso-fenomeno-el-nino-mayo-julio","status":"publish","type":"post","link":"https:\/\/miguelarcangel.com\/?p=18","title":{"rendered":"ONU advierte posible regreso del fen\u00f3meno de El Ni\u00f1o entre mayo y julio"},"content":{"rendered":"<p>La Organizaci\u00f3n Meteorol\u00f3gica Mundial, organismo de Naciones Unidas, advirti\u00f3 que existe una creciente probabilidad de formaci\u00f3n del fen\u00f3meno de El Ni\u00f1o a mediados de 2026. Este evento clim\u00e1tico puede influir en las temperaturas y en los patrones de lluvia en distintas regiones del mundo.<\/p>\n<p>Seg\u00fan el reporte difundido por Teleamazonas, entre mayo y julio podr\u00eda formarse un nuevo episodio de El Ni\u00f1o, lo que provocar\u00eda temperaturas superiores a lo normal en gran parte del planeta.<\/p>\n<p>Para Ecuador, este tipo de alertas debe tomarse con atenci\u00f3n, especialmente en zonas propensas a lluvias intensas, crecidas de r\u00edos, deslizamientos y afectaciones en v\u00edas.<\/p>\n<p>Las autoridades recomiendan mantenerse informados por canales oficiales y tomar medidas preventivas ante posibles cambios clim\u00e1ticos.<\/p>\n<p><strong>Fuente:<\/strong> ONU \/ Organizaci\u00f3n Meteorol\u00f3gica Mundial \/ Teleamazonas<br \/><strong>Redacci\u00f3n:<\/strong> Miguel Arc\u00e1ngel \/ Notivisi\u00f3n<\/p>\n<p><a href=\"https:\/\/wmo.int\/es\/media\/news\/la-organizacion-meteorologica-mundial-advierte-de-la-creciente-probabilidad-de-formacion-de-un\" target=\"_blank\" rel=\"noopener\">Ver referencia OMM<\/a><\/p>\n","protected":false},"excerpt":{"rendered":"<p>La Organizaci\u00f3n Meteorol\u00f3gica Mundial alert\u00f3 que El Ni\u00f1o podr\u00eda formarse a mediados de 2026 y afectar temperaturas y lluvias a escala global.<\/p>\n","protected":false},"author":1,"featured_media":19,"comment_status":"open","ping_status":"open","sticky":false,"template":"","format":"standard","meta":{"footnotes":""},"categories":[4],"tags":[],"class_list":["post-18","post","type-post","status-publish","format-standard","has-post-thumbnail","hentry","category-internacionales"],"yoast_head":"<!-- This site is optimized with the Yoast SEO plugin v27.5 - https:\/\/yoast.com\/product\/yoast-seo-wordpress\/ -->\n<title>ONU advierte posible regreso del fen\u00f3meno de El Ni\u00f1o entre mayo y julio - Miguel Arc\u00e1ngel<\/title>\n<meta name=\"robots\" content=\"index, follow, max-snippet:-1, max-image-preview:large, max-video-preview:-1\" \/>\n<link rel=\"canonical\" href=\"https:\/\/miguelarcangel.com\/?p=18\" \/>\n<meta property=\"og:locale\" content=\"es_ES\" \/>\n<meta property=\"og:type\" content=\"article\" \/>\n<meta property=\"og:title\" content=\"ONU advierte posible regreso del fen\u00f3meno de El Ni\u00f1o entre mayo y julio - Miguel Arc\u00e1ngel\" \/>\n<meta property=\"og:description\" content=\"La Organizaci\u00f3n Meteorol\u00f3gica Mundial alert\u00f3 que El Ni\u00f1o podr\u00eda formarse a mediados de 2026 y afectar temperaturas y lluvias a escala global.\" \/>\n<meta property=\"og:url\" content=\"https:\/\/miguelarcangel.com\/?p=18\" \/>\n<meta property=\"og:site_name\" content=\"Miguel Arc\u00e1ngel\" \/>\n<meta property=\"article:published_time\" content=\"2026-05-01T16:19:44+00:00\" \/>\n<meta name=\"author\" content=\"admin\" \/>\n<meta name=\"twitter:card\" content=\"summary_large_image\" \/>\n<meta name=\"twitter:label1\" content=\"Escrito por\" \/>\n\t<meta name=\"twitter:data1\" content=\"admin\" \/>\n\t<meta name=\"twitter:label2\" content=\"Tiempo de lectura\" \/>\n\t<meta name=\"twitter:data2\" content=\"1 minuto\" \/>\n<script type=\"application\/ld+json\" class=\"yoast-schema-graph\">{\"@context\":\"https:\\\/\\\/schema.org\",\"@graph\":[{\"@type\":\"Article\",\"@id\":\"https:\\\/\\\/miguelarcangel.com\\\/?p=18#article\",\"isPartOf\":{\"@id\":\"https:\\\/\\\/miguelarcangel.com\\\/?p=18\"},\"author\":{\"name\":\"admin\",\"@id\":\"https:\\\/\\\/miguelarcangel.com\\\/#\\\/schema\\\/person\\\/c417d988b572ac61d26febe46c6855ea\"},\"headline\":\"ONU advierte posible regreso del fen\u00f3meno de El Ni\u00f1o entre mayo y julio\",\"datePublished\":\"2026-05-01T16:19:44+00:00\",\"mainEntityOfPage\":{\"@id\":\"https:\\\/\\\/miguelarcangel.com\\\/?p=18\"},\"wordCount\":162,\"commentCount\":0,\"image\":{\"@id\":\"https:\\\/\\\/miguelarcangel.com\\\/?p=18#primaryimage\"},\"thumbnailUrl\":\"https:\\\/\\\/miguelarcangel.com\\\/wp-content\\\/uploads\\\/2026\\\/05\\\/06-fenomeno-nino.jpg\",\"articleSection\":[\"Internacionales\"],\"inLanguage\":\"es\",\"potentialAction\":[{\"@type\":\"CommentAction\",\"name\":\"Comment\",\"target\":[\"https:\\\/\\\/miguelarcangel.com\\\/?p=18#respond\"]}]},{\"@type\":\"WebPage\",\"@id\":\"https:\\\/\\\/miguelarcangel.com\\\/?p=18\",\"url\":\"https:\\\/\\\/miguelarcangel.com\\\/?p=18\",\"name\":\"ONU advierte posible regreso del fen\u00f3meno de El Ni\u00f1o entre mayo y julio - Miguel Arc\u00e1ngel\",\"isPartOf\":{\"@id\":\"https:\\\/\\\/miguelarcangel.com\\\/#website\"},\"primaryImageOfPage\":{\"@id\":\"https:\\\/\\\/miguelarcangel.com\\\/?p=18#primaryimage\"},\"image\":{\"@id\":\"https:\\\/\\\/miguelarcangel.com\\\/?p=18#primaryimage\"},\"thumbnailUrl\":\"https:\\\/\\\/miguelarcangel.com\\\/wp-content\\\/uploads\\\/2026\\\/05\\\/06-fenomeno-nino.jpg\",\"datePublished\":\"2026-05-01T16:19:44+00:00\",\"author\":{\"@id\":\"https:\\\/\\\/miguelarcangel.com\\\/#\\\/schema\\\/person\\\/c417d988b572ac61d26febe46c6855ea\"},\"breadcrumb\":{\"@id\":\"https:\\\/\\\/miguelarcangel.com\\\/?p=18#breadcrumb\"},\"inLanguage\":\"es\",\"potentialAction\":[{\"@type\":\"ReadAction\",\"target\":[\"https:\\\/\\\/miguelarcangel.com\\\/?p=18\"]}]},{\"@type\":\"ImageObject\",\"inLanguage\":\"es\",\"@id\":\"https:\\\/\\\/miguelarcangel.com\\\/?p=18#primaryimage\",\"url\":\"https:\\\/\\\/miguelarcangel.com\\\/wp-content\\\/uploads\\\/2026\\\/05\\\/06-fenomeno-nino.jpg\",\"contentUrl\":\"https:\\\/\\\/miguelarcangel.com\\\/wp-content\\\/uploads\\\/2026\\\/05\\\/06-fenomeno-nino.jpg\",\"width\":1280,\"height\":1024},{\"@type\":\"BreadcrumbList\",\"@id\":\"https:\\\/\\\/miguelarcangel.com\\\/?p=18#breadcrumb\",\"itemListElement\":[{\"@type\":\"ListItem\",\"position\":1,\"name\":\"Portada\",\"item\":\"https:\\\/\\\/miguelarcangel.com\\\/\"},{\"@type\":\"ListItem\",\"position\":2,\"name\":\"ONU advierte posible regreso del fen\u00f3meno de El Ni\u00f1o entre mayo y julio\"}]},{\"@type\":\"WebSite\",\"@id\":\"https:\\\/\\\/miguelarcangel.com\\\/#website\",\"url\":\"https:\\\/\\\/miguelarcangel.com\\\/\",\"name\":\"Miguel Arc\u00e1ngel\",\"description\":\"\",\"potentialAction\":[{\"@type\":\"SearchAction\",\"target\":{\"@type\":\"EntryPoint\",\"urlTemplate\":\"https:\\\/\\\/miguelarcangel.com\\\/?s={search_term_string}\"},\"query-input\":{\"@type\":\"PropertyValueSpecification\",\"valueRequired\":true,\"valueName\":\"search_term_string\"}}],\"inLanguage\":\"es\"},{\"@type\":\"Person\",\"@id\":\"https:\\\/\\\/miguelarcangel.com\\\/#\\\/schema\\\/person\\\/c417d988b572ac61d26febe46c6855ea\",\"name\":\"admin\",\"image\":{\"@type\":\"ImageObject\",\"inLanguage\":\"es\",\"@id\":\"https:\\\/\\\/secure.gravatar.com\\\/avatar\\\/07243bc189448fd71a2d8cf17a279bfb84f39ae37bde4f2a9f3d1912d25ae5b9?s=96&d=mm&r=g\",\"url\":\"https:\\\/\\\/secure.gravatar.com\\\/avatar\\\/07243bc189448fd71a2d8cf17a279bfb84f39ae37bde4f2a9f3d1912d25ae5b9?s=96&d=mm&r=g\",\"contentUrl\":\"https:\\\/\\\/secure.gravatar.com\\\/avatar\\\/07243bc189448fd71a2d8cf17a279bfb84f39ae37bde4f2a9f3d1912d25ae5b9?s=96&d=mm&r=g\",\"caption\":\"admin\"},\"sameAs\":[\"https:\\\/\\\/miguelarcangel.com\"],\"url\":\"https:\\\/\\\/miguelarcangel.com\\\/?author=1\"}]}<\/script>\n<!-- \/ Yoast SEO plugin. -->","yoast_head_json":{"title":"ONU advierte posible regreso del fen\u00f3meno de El Ni\u00f1o entre mayo y julio - Miguel Arc\u00e1ngel","robots":{"index":"index","follow":"follow","max-snippet":"max-snippet:-1","max-image-preview":"max-image-preview:large","max-video-preview":"max-video-preview:-1"},"canonical":"https:\/\/miguelarcangel.com\/?p=18","og_locale":"es_ES","og_type":"article","og_title":"ONU advierte posible regreso del fen\u00f3meno de El Ni\u00f1o entre mayo y julio - Miguel Arc\u00e1ngel","og_description":"La Organizaci\u00f3n Meteorol\u00f3gica Mundial alert\u00f3 que El Ni\u00f1o podr\u00eda formarse a mediados de 2026 y afectar temperaturas y lluvias a escala global.","og_url":"https:\/\/miguelarcangel.com\/?p=18","og_site_name":"Miguel Arc\u00e1ngel","article_published_time":"2026-05-01T16:19:44+00:00","author":"admin","twitter_card":"summary_large_image","twitter_misc":{"Escrito por":"admin","Tiempo de lectura":"1 minuto"},"schema":{"@context":"https:\/\/schema.org","@graph":[{"@type":"Article","@id":"https:\/\/miguelarcangel.com\/?p=18#article","isPartOf":{"@id":"https:\/\/miguelarcangel.com\/?p=18"},"author":{"name":"admin","@id":"https:\/\/miguelarcangel.com\/#\/schema\/person\/c417d988b572ac61d26febe46c6855ea"},"headline":"ONU advierte posible regreso del fen\u00f3meno de El Ni\u00f1o entre mayo y julio","datePublished":"2026-05-01T16:19:44+00:00","mainEntityOfPage":{"@id":"https:\/\/miguelarcangel.com\/?p=18"},"wordCount":162,"commentCount":0,"image":{"@id":"https:\/\/miguelarcangel.com\/?p=18#primaryimage"},"thumbnailUrl":"https:\/\/miguelarcangel.com\/wp-content\/uploads\/2026\/05\/06-fenomeno-nino.jpg","articleSection":["Internacionales"],"inLanguage":"es","potentialAction":[{"@type":"CommentAction","name":"Comment","target":["https:\/\/miguelarcangel.com\/?p=18#respond"]}]},{"@type":"WebPage","@id":"https:\/\/miguelarcangel.com\/?p=18","url":"https:\/\/miguelarcangel.com\/?p=18","name":"ONU advierte posible regreso del fen\u00f3meno de El Ni\u00f1o entre mayo y julio - Miguel Arc\u00e1ngel","isPartOf":{"@id":"https:\/\/miguelarcangel.com\/#website"},"primaryImageOfPage":{"@id":"https:\/\/miguelarcangel.com\/?p=18#primaryimage"},"image":{"@id":"https:\/\/miguelarcangel.com\/?p=18#primaryimage"},"thumbnailUrl":"https:\/\/miguelarcangel.com\/wp-content\/uploads\/2026\/05\/06-fenomeno-nino.jpg","datePublished":"2026-05-01T16:19:44+00:00","author":{"@id":"https:\/\/miguelarcangel.com\/#\/schema\/person\/c417d988b572ac61d26febe46c6855ea"},"breadcrumb":{"@id":"https:\/\/miguelarcangel.com\/?p=18#breadcrumb"},"inLanguage":"es","potentialAction":[{"@type":"ReadAction","target":["https:\/\/miguelarcangel.com\/?p=18"]}]},{"@type":"ImageObject","inLanguage":"es","@id":"https:\/\/miguelarcangel.com\/?p=18#primaryimage","url":"https:\/\/miguelarcangel.com\/wp-content\/uploads\/2026\/05\/06-fenomeno-nino.jpg","contentUrl":"https:\/\/miguelarcangel.com\/wp-content\/uploads\/2026\/05\/06-fenomeno-nino.jpg","width":1280,"height":1024},{"@type":"BreadcrumbList","@id":"https:\/\/miguelarcangel.com\/?p=18#breadcrumb","itemListElement":[{"@type":"ListItem","position":1,"name":"Portada","item":"https:\/\/miguelarcangel.com\/"},{"@type":"ListItem","position":2,"name":"ONU advierte posible regreso del fen\u00f3meno de El Ni\u00f1o entre mayo y julio"}]},{"@type":"WebSite","@id":"https:\/\/miguelarcangel.com\/#website","url":"https:\/\/miguelarcangel.com\/","name":"Miguel Arc\u00e1ngel","description":"","potentialAction":[{"@type":"SearchAction","target":{"@type":"EntryPoint","urlTemplate":"https:\/\/miguelarcangel.com\/?s={search_term_string}"},"query-input":{"@type":"PropertyValueSpecification","valueRequired":true,"valueName":"search_term_string"}}],"inLanguage":"es"},{"@type":"Person","@id":"https:\/\/miguelarcangel.com\/#\/schema\/person\/c417d988b572ac61d26febe46c6855ea","name":"admin","image":{"@type":"ImageObject","inLanguage":"es","@id":"https:\/\/secure.gravatar.com\/avatar\/07243bc189448fd71a2d8cf17a279bfb84f39ae37bde4f2a9f3d1912d25ae5b9?s=96&d=mm&r=g","url":"https:\/\/secure.gravatar.com\/avatar\/07243bc189448fd71a2d8cf17a279bfb84f39ae37bde4f2a9f3d1912d25ae5b9?s=96&d=mm&r=g","contentUrl":"https:\/\/secure.gravatar.com\/avatar\/07243bc189448fd71a2d8cf17a279bfb84f39ae37bde4f2a9f3d1912d25ae5b9?s=96&d=mm&r=g","caption":"admin"},"sameAs":["https:\/\/miguelarcangel.com"],"url":"https:\/\/miguelarcangel.com\/?author=1"}]}},"_links":{"self":[{"href":"https:\/\/miguelarcangel.com\/index.php?rest_route=\/wp\/v2\/posts\/18","targetHints":{"allow":["GET"]}}],"collection":[{"href":"https:\/\/miguelarcangel.com\/index.php?rest_route=\/wp\/v2\/posts"}],"about":[{"href":"https:\/\/miguelarcangel.com\/index.php?rest_route=\/wp\/v2\/types\/post"}],"author":[{"embeddable":true,"href":"https:\/\/miguelarcangel.com\/index.php?rest_route=\/wp\/v2\/users\/1"}],"replies":[{"embeddable":true,"href":"https:\/\/miguelarcangel.com\/index.php?rest_route=%2Fwp%2Fv2%2Fcomments&post=18"}],"version-history":[{"count":0,"href":"https:\/\/miguelarcangel.com\/index.php?rest_route=\/wp\/v2\/posts\/18\/revisions"}],"wp:featuredmedia":[{"embeddable":true,"href":"https:\/\/miguelarcangel.com\/index.php?rest_route=\/wp\/v2\/media\/19"}],"wp:attachment":[{"href":"https:\/\/miguelarcangel.com\/index.php?rest_route=%2Fwp%2Fv2%2Fmedia&parent=18"}],"wp:term":[{"taxonomy":"category","embeddable":true,"href":"https:\/\/miguelarcangel.com\/index.php?rest_route=%2Fwp%2Fv2%2Fcategories&post=18"},{"taxonomy":"post_tag","embeddable":true,"href":"https:\/\/miguelarcangel.com\/index.php?rest_route=%2Fwp%2Fv2%2Ftags&post=18"}],"curies":[{"name":"wp","href":"https:\/\/api.w.org\/{rel}","templated":true}]}}