{"id":14,"date":"2026-05-01T16:19:43","date_gmt":"2026-05-01T16:19:43","guid":{"rendered":"https:\/\/miguelarcangel.com\/?p=14"},"modified":"2026-05-01T16:19:43","modified_gmt":"2026-05-01T16:19:43","slug":"autoridades-piden-viajar-precaucion-feriado-estado-vias","status":"publish","type":"post","link":"https:\/\/miguelarcangel.com\/?p=14","title":{"rendered":"Autoridades piden viajar con precauci\u00f3n durante el feriado por el estado de las v\u00edas"},"content":{"rendered":"<p>Durante el feriado por el D\u00eda del Trabajo, las autoridades recomendaron a los ciudadanos planificar sus viajes y conducir con precauci\u00f3n debido al estado de algunas v\u00edas del pa\u00eds.<\/p>\n<p>Seg\u00fan informaci\u00f3n difundida por Teleamazonas, con datos del Ministerio de Infraestructura y Transporte, solo el 8,61% de las v\u00edas se encuentra en estado \u201cmuy bueno\u201d, mientras que el 37,93% est\u00e1 en estado regular y el 20,84% requiere circulaci\u00f3n con precauci\u00f3n.<\/p>\n<p>Para los habitantes del Noroccidente de Pichincha, la recomendaci\u00f3n es revisar el estado de las rutas antes de viajar, evitar manejar con exceso de velocidad y tomar precauciones en zonas de lluvia, neblina o posibles deslizamientos.<\/p>\n<p>Las autoridades tambi\u00e9n sugieren revisar frenos, llantas, luces y documentos antes de salir a carretera.<\/p>\n<p><strong>Fuente:<\/strong> Teleamazonas \/ Ministerio de Infraestructura y Transporte<br \/><strong>Redacci\u00f3n:<\/strong> Miguel Arc\u00e1ngel \/ Notivisi\u00f3n<\/p>\n<p><a href=\"https:\/\/www.teleamazonas.com\/actualidad\/noticias\/ecuador\/vias-ecuador-feriado-mayo-2026\/\" target=\"_blank\" rel=\"noopener\">Ver referencia original<\/a><\/p>\n","protected":false},"excerpt":{"rendered":"<p>El Ministerio de Infraestructura y Transporte report\u00f3 que varias carreteras del pa\u00eds requieren circulaci\u00f3n con precauci\u00f3n durante el feriado largo.<\/p>\n","protected":false},"author":1,"featured_media":15,"comment_status":"open","ping_status":"open","sticky":false,"template":"","format":"standard","meta":{"footnotes":""},"categories":[6,3],"tags":[],"class_list":["post-14","post","type-post","status-publish","format-standard","has-post-thumbnail","hentry","category-comunidad","category-nacionales"],"yoast_head":"<!-- This site is optimized with the Yoast SEO plugin v27.5 - https:\/\/yoast.com\/product\/yoast-seo-wordpress\/ -->\n<title>Autoridades piden viajar con precauci\u00f3n durante el feriado por el estado de las v\u00edas - Miguel Arc\u00e1ngel<\/title>\n<meta name=\"robots\" content=\"index, follow, max-snippet:-1, max-image-preview:large, max-video-preview:-1\" \/>\n<link rel=\"canonical\" href=\"https:\/\/miguelarcangel.com\/?p=14\" \/>\n<meta property=\"og:locale\" content=\"es_ES\" \/>\n<meta property=\"og:type\" content=\"article\" \/>\n<meta property=\"og:title\" content=\"Autoridades piden viajar con precauci\u00f3n durante el feriado por el estado de las v\u00edas - Miguel Arc\u00e1ngel\" \/>\n<meta property=\"og:description\" content=\"El Ministerio de Infraestructura y Transporte report\u00f3 que varias carreteras del pa\u00eds requieren circulaci\u00f3n con precauci\u00f3n durante el feriado largo.\" \/>\n<meta property=\"og:url\" content=\"https:\/\/miguelarcangel.com\/?p=14\" \/>\n<meta property=\"og:site_name\" content=\"Miguel Arc\u00e1ngel\" \/>\n<meta property=\"article:published_time\" content=\"2026-05-01T16:19:43+00:00\" \/>\n<meta name=\"author\" content=\"admin\" \/>\n<meta name=\"twitter:card\" content=\"summary_large_image\" \/>\n<meta name=\"twitter:label1\" content=\"Escrito por\" \/>\n\t<meta name=\"twitter:data1\" content=\"admin\" \/>\n\t<meta name=\"twitter:label2\" content=\"Tiempo de lectura\" \/>\n\t<meta name=\"twitter:data2\" content=\"1 minuto\" \/>\n<script type=\"application\/ld+json\" class=\"yoast-schema-graph\">{\"@context\":\"https:\\\/\\\/schema.org\",\"@graph\":[{\"@type\":\"Article\",\"@id\":\"https:\\\/\\\/miguelarcangel.com\\\/?p=14#article\",\"isPartOf\":{\"@id\":\"https:\\\/\\\/miguelarcangel.com\\\/?p=14\"},\"author\":{\"name\":\"admin\",\"@id\":\"https:\\\/\\\/miguelarcangel.com\\\/#\\\/schema\\\/person\\\/c417d988b572ac61d26febe46c6855ea\"},\"headline\":\"Autoridades piden viajar con precauci\u00f3n durante el feriado por el estado de las v\u00edas\",\"datePublished\":\"2026-05-01T16:19:43+00:00\",\"mainEntityOfPage\":{\"@id\":\"https:\\\/\\\/miguelarcangel.com\\\/?p=14\"},\"wordCount\":161,\"commentCount\":0,\"image\":{\"@id\":\"https:\\\/\\\/miguelarcangel.com\\\/?p=14#primaryimage\"},\"thumbnailUrl\":\"https:\\\/\\\/miguelarcangel.com\\\/wp-content\\\/uploads\\\/2026\\\/05\\\/04-vias-feriado.jpg\",\"articleSection\":[\"Comunidad\",\"Nacionales\"],\"inLanguage\":\"es\",\"potentialAction\":[{\"@type\":\"CommentAction\",\"name\":\"Comment\",\"target\":[\"https:\\\/\\\/miguelarcangel.com\\\/?p=14#respond\"]}]},{\"@type\":\"WebPage\",\"@id\":\"https:\\\/\\\/miguelarcangel.com\\\/?p=14\",\"url\":\"https:\\\/\\\/miguelarcangel.com\\\/?p=14\",\"name\":\"Autoridades piden viajar con precauci\u00f3n durante el feriado por el estado de las v\u00edas - Miguel Arc\u00e1ngel\",\"isPartOf\":{\"@id\":\"https:\\\/\\\/miguelarcangel.com\\\/#website\"},\"primaryImageOfPage\":{\"@id\":\"https:\\\/\\\/miguelarcangel.com\\\/?p=14#primaryimage\"},\"image\":{\"@id\":\"https:\\\/\\\/miguelarcangel.com\\\/?p=14#primaryimage\"},\"thumbnailUrl\":\"https:\\\/\\\/miguelarcangel.com\\\/wp-content\\\/uploads\\\/2026\\\/05\\\/04-vias-feriado.jpg\",\"datePublished\":\"2026-05-01T16:19:43+00:00\",\"author\":{\"@id\":\"https:\\\/\\\/miguelarcangel.com\\\/#\\\/schema\\\/person\\\/c417d988b572ac61d26febe46c6855ea\"},\"breadcrumb\":{\"@id\":\"https:\\\/\\\/miguelarcangel.com\\\/?p=14#breadcrumb\"},\"inLanguage\":\"es\",\"potentialAction\":[{\"@type\":\"ReadAction\",\"target\":[\"https:\\\/\\\/miguelarcangel.com\\\/?p=14\"]}]},{\"@type\":\"ImageObject\",\"inLanguage\":\"es\",\"@id\":\"https:\\\/\\\/miguelarcangel.com\\\/?p=14#primaryimage\",\"url\":\"https:\\\/\\\/miguelarcangel.com\\\/wp-content\\\/uploads\\\/2026\\\/05\\\/04-vias-feriado.jpg\",\"contentUrl\":\"https:\\\/\\\/miguelarcangel.com\\\/wp-content\\\/uploads\\\/2026\\\/05\\\/04-vias-feriado.jpg\",\"width\":1280,\"height\":1024},{\"@type\":\"BreadcrumbList\",\"@id\":\"https:\\\/\\\/miguelarcangel.com\\\/?p=14#breadcrumb\",\"itemListElement\":[{\"@type\":\"ListItem\",\"position\":1,\"name\":\"Portada\",\"item\":\"https:\\\/\\\/miguelarcangel.com\\\/\"},{\"@type\":\"ListItem\",\"position\":2,\"name\":\"Autoridades piden viajar con precauci\u00f3n durante el feriado por el estado de las v\u00edas\"}]},{\"@type\":\"WebSite\",\"@id\":\"https:\\\/\\\/miguelarcangel.com\\\/#website\",\"url\":\"https:\\\/\\\/miguelarcangel.com\\\/\",\"name\":\"Miguel Arc\u00e1ngel\",\"description\":\"\",\"potentialAction\":[{\"@type\":\"SearchAction\",\"target\":{\"@type\":\"EntryPoint\",\"urlTemplate\":\"https:\\\/\\\/miguelarcangel.com\\\/?s={search_term_string}\"},\"query-input\":{\"@type\":\"PropertyValueSpecification\",\"valueRequired\":true,\"valueName\":\"search_term_string\"}}],\"inLanguage\":\"es\"},{\"@type\":\"Person\",\"@id\":\"https:\\\/\\\/miguelarcangel.com\\\/#\\\/schema\\\/person\\\/c417d988b572ac61d26febe46c6855ea\",\"name\":\"admin\",\"image\":{\"@type\":\"ImageObject\",\"inLanguage\":\"es\",\"@id\":\"https:\\\/\\\/secure.gravatar.com\\\/avatar\\\/07243bc189448fd71a2d8cf17a279bfb84f39ae37bde4f2a9f3d1912d25ae5b9?s=96&d=mm&r=g\",\"url\":\"https:\\\/\\\/secure.gravatar.com\\\/avatar\\\/07243bc189448fd71a2d8cf17a279bfb84f39ae37bde4f2a9f3d1912d25ae5b9?s=96&d=mm&r=g\",\"contentUrl\":\"https:\\\/\\\/secure.gravatar.com\\\/avatar\\\/07243bc189448fd71a2d8cf17a279bfb84f39ae37bde4f2a9f3d1912d25ae5b9?s=96&d=mm&r=g\",\"caption\":\"admin\"},\"sameAs\":[\"https:\\\/\\\/miguelarcangel.com\"],\"url\":\"https:\\\/\\\/miguelarcangel.com\\\/?author=1\"}]}<\/script>\n<!-- \/ Yoast SEO plugin. -->","yoast_head_json":{"title":"Autoridades piden viajar con precauci\u00f3n durante el feriado por el estado de las v\u00edas - Miguel Arc\u00e1ngel","robots":{"index":"index","follow":"follow","max-snippet":"max-snippet:-1","max-image-preview":"max-image-preview:large","max-video-preview":"max-video-preview:-1"},"canonical":"https:\/\/miguelarcangel.com\/?p=14","og_locale":"es_ES","og_type":"article","og_title":"Autoridades piden viajar con precauci\u00f3n durante el feriado por el estado de las v\u00edas - Miguel Arc\u00e1ngel","og_description":"El Ministerio de Infraestructura y Transporte report\u00f3 que varias carreteras del pa\u00eds requieren circulaci\u00f3n con precauci\u00f3n durante el feriado largo.","og_url":"https:\/\/miguelarcangel.com\/?p=14","og_site_name":"Miguel Arc\u00e1ngel","article_published_time":"2026-05-01T16:19:43+00:00","author":"admin","twitter_card":"summary_large_image","twitter_misc":{"Escrito por":"admin","Tiempo de lectura":"1 minuto"},"schema":{"@context":"https:\/\/schema.org","@graph":[{"@type":"Article","@id":"https:\/\/miguelarcangel.com\/?p=14#article","isPartOf":{"@id":"https:\/\/miguelarcangel.com\/?p=14"},"author":{"name":"admin","@id":"https:\/\/miguelarcangel.com\/#\/schema\/person\/c417d988b572ac61d26febe46c6855ea"},"headline":"Autoridades piden viajar con precauci\u00f3n durante el feriado por el estado de las v\u00edas","datePublished":"2026-05-01T16:19:43+00:00","mainEntityOfPage":{"@id":"https:\/\/miguelarcangel.com\/?p=14"},"wordCount":161,"commentCount":0,"image":{"@id":"https:\/\/miguelarcangel.com\/?p=14#primaryimage"},"thumbnailUrl":"https:\/\/miguelarcangel.com\/wp-content\/uploads\/2026\/05\/04-vias-feriado.jpg","articleSection":["Comunidad","Nacionales"],"inLanguage":"es","potentialAction":[{"@type":"CommentAction","name":"Comment","target":["https:\/\/miguelarcangel.com\/?p=14#respond"]}]},{"@type":"WebPage","@id":"https:\/\/miguelarcangel.com\/?p=14","url":"https:\/\/miguelarcangel.com\/?p=14","name":"Autoridades piden viajar con precauci\u00f3n durante el feriado por el estado de las v\u00edas - Miguel Arc\u00e1ngel","isPartOf":{"@id":"https:\/\/miguelarcangel.com\/#website"},"primaryImageOfPage":{"@id":"https:\/\/miguelarcangel.com\/?p=14#primaryimage"},"image":{"@id":"https:\/\/miguelarcangel.com\/?p=14#primaryimage"},"thumbnailUrl":"https:\/\/miguelarcangel.com\/wp-content\/uploads\/2026\/05\/04-vias-feriado.jpg","datePublished":"2026-05-01T16:19:43+00:00","author":{"@id":"https:\/\/miguelarcangel.com\/#\/schema\/person\/c417d988b572ac61d26febe46c6855ea"},"breadcrumb":{"@id":"https:\/\/miguelarcangel.com\/?p=14#breadcrumb"},"inLanguage":"es","potentialAction":[{"@type":"ReadAction","target":["https:\/\/miguelarcangel.com\/?p=14"]}]},{"@type":"ImageObject","inLanguage":"es","@id":"https:\/\/miguelarcangel.com\/?p=14#primaryimage","url":"https:\/\/miguelarcangel.com\/wp-content\/uploads\/2026\/05\/04-vias-feriado.jpg","contentUrl":"https:\/\/miguelarcangel.com\/wp-content\/uploads\/2026\/05\/04-vias-feriado.jpg","width":1280,"height":1024},{"@type":"BreadcrumbList","@id":"https:\/\/miguelarcangel.com\/?p=14#breadcrumb","itemListElement":[{"@type":"ListItem","position":1,"name":"Portada","item":"https:\/\/miguelarcangel.com\/"},{"@type":"ListItem","position":2,"name":"Autoridades piden viajar con precauci\u00f3n durante el feriado por el estado de las v\u00edas"}]},{"@type":"WebSite","@id":"https:\/\/miguelarcangel.com\/#website","url":"https:\/\/miguelarcangel.com\/","name":"Miguel Arc\u00e1ngel","description":"","potentialAction":[{"@type":"SearchAction","target":{"@type":"EntryPoint","urlTemplate":"https:\/\/miguelarcangel.com\/?s={search_term_string}"},"query-input":{"@type":"PropertyValueSpecification","valueRequired":true,"valueName":"search_term_string"}}],"inLanguage":"es"},{"@type":"Person","@id":"https:\/\/miguelarcangel.com\/#\/schema\/person\/c417d988b572ac61d26febe46c6855ea","name":"admin","image":{"@type":"ImageObject","inLanguage":"es","@id":"https:\/\/secure.gravatar.com\/avatar\/07243bc189448fd71a2d8cf17a279bfb84f39ae37bde4f2a9f3d1912d25ae5b9?s=96&d=mm&r=g","url":"https:\/\/secure.gravatar.com\/avatar\/07243bc189448fd71a2d8cf17a279bfb84f39ae37bde4f2a9f3d1912d25ae5b9?s=96&d=mm&r=g","contentUrl":"https:\/\/secure.gravatar.com\/avatar\/07243bc189448fd71a2d8cf17a279bfb84f39ae37bde4f2a9f3d1912d25ae5b9?s=96&d=mm&r=g","caption":"admin"},"sameAs":["https:\/\/miguelarcangel.com"],"url":"https:\/\/miguelarcangel.com\/?author=1"}]}},"_links":{"self":[{"href":"https:\/\/miguelarcangel.com\/index.php?rest_route=\/wp\/v2\/posts\/14","targetHints":{"allow":["GET"]}}],"collection":[{"href":"https:\/\/miguelarcangel.com\/index.php?rest_route=\/wp\/v2\/posts"}],"about":[{"href":"https:\/\/miguelarcangel.com\/index.php?rest_route=\/wp\/v2\/types\/post"}],"author":[{"embeddable":true,"href":"https:\/\/miguelarcangel.com\/index.php?rest_route=\/wp\/v2\/users\/1"}],"replies":[{"embeddable":true,"href":"https:\/\/miguelarcangel.com\/index.php?rest_route=%2Fwp%2Fv2%2Fcomments&post=14"}],"version-history":[{"count":0,"href":"https:\/\/miguelarcangel.com\/index.php?rest_route=\/wp\/v2\/posts\/14\/revisions"}],"wp:featuredmedia":[{"embeddable":true,"href":"https:\/\/miguelarcangel.com\/index.php?rest_route=\/wp\/v2\/media\/15"}],"wp:attachment":[{"href":"https:\/\/miguelarcangel.com\/index.php?rest_route=%2Fwp%2Fv2%2Fmedia&parent=14"}],"wp:term":[{"taxonomy":"category","embeddable":true,"href":"https:\/\/miguelarcangel.com\/index.php?rest_route=%2Fwp%2Fv2%2Fcategories&post=14"},{"taxonomy":"post_tag","embeddable":true,"href":"https:\/\/miguelarcangel.com\/index.php?rest_route=%2Fwp%2Fv2%2Ftags&post=14"}],"curies":[{"name":"wp","href":"https:\/\/api.w.org\/{rel}","templated":true}]}}