{"id":12,"date":"2026-05-01T16:19:43","date_gmt":"2026-05-01T16:19:43","guid":{"rendered":"https:\/\/miguelarcangel.com\/?p=12"},"modified":"2026-05-01T16:19:43","modified_gmt":"2026-05-01T16:19:43","slug":"toque-de-queda-regira-desde-3-mayo-pichincha-otras-provincias","status":"publish","type":"post","link":"https:\/\/miguelarcangel.com\/?p=12","title":{"rendered":"Toque de queda regir\u00e1 desde el 3 de mayo en Pichincha y otras provincias"},"content":{"rendered":"<p>El Gobierno Nacional oficializ\u00f3 un nuevo toque de queda que regir\u00e1 desde el domingo 3 hasta el lunes 18 de mayo de 2026.<\/p>\n<p>La medida se aplicar\u00e1 en horario de 23:00 a 05:00 y alcanza a nueve provincias del pa\u00eds, entre ellas Pichincha, adem\u00e1s de otros cantones espec\u00edficos.<\/p>\n<p>Para los ciudadanos del Noroccidente de Pichincha, esta disposici\u00f3n debe ser tomada en cuenta especialmente en viajes nocturnos, retorno de feriados, actividades laborales, transporte y movilizaci\u00f3n entre cantones.<\/p>\n<p>Las autoridades recomiendan revisar las disposiciones oficiales, evitar circular dentro del horario restringido y mantenerse informados por canales oficiales.<\/p>\n<p><strong>Fuente:<\/strong> Ecuavisa \/ Teleamazonas \/ El Comercio<br \/><strong>Redacci\u00f3n:<\/strong> Miguel Arc\u00e1ngel \/ Notivisi\u00f3n<\/p>\n<p><a href=\"https:\/\/www.teleamazonas.com\/actualidad\/noticias\/seguridad\/excepciones-decreto-370-toque-queda-ecuador\/\" target=\"_blank\" rel=\"noopener\">Ver referencia original<\/a><\/p>\n","protected":false},"excerpt":{"rendered":"<p>La restricci\u00f3n de movilidad ser\u00e1 de 23:00 a 05:00, desde el domingo 3 hasta el lunes 18 de mayo de 2026, e incluye a la provincia de Pichincha.<\/p>\n","protected":false},"author":1,"featured_media":13,"comment_status":"open","ping_status":"open","sticky":false,"template":"","format":"standard","meta":{"footnotes":""},"categories":[3,2],"tags":[],"class_list":["post-12","post","type-post","status-publish","format-standard","has-post-thumbnail","hentry","category-nacionales","category-regionales"],"yoast_head":"<!-- This site is optimized with the Yoast SEO plugin v27.5 - https:\/\/yoast.com\/product\/yoast-seo-wordpress\/ -->\n<title>Toque de queda regir\u00e1 desde el 3 de mayo en Pichincha y otras provincias - Miguel Arc\u00e1ngel<\/title>\n<meta name=\"robots\" content=\"index, follow, max-snippet:-1, max-image-preview:large, max-video-preview:-1\" \/>\n<link rel=\"canonical\" href=\"https:\/\/miguelarcangel.com\/?p=12\" \/>\n<meta property=\"og:locale\" content=\"es_ES\" \/>\n<meta property=\"og:type\" content=\"article\" \/>\n<meta property=\"og:title\" content=\"Toque de queda regir\u00e1 desde el 3 de mayo en Pichincha y otras provincias - Miguel Arc\u00e1ngel\" \/>\n<meta property=\"og:description\" content=\"La restricci\u00f3n de movilidad ser\u00e1 de 23:00 a 05:00, desde el domingo 3 hasta el lunes 18 de mayo de 2026, e incluye a la provincia de Pichincha.\" \/>\n<meta property=\"og:url\" content=\"https:\/\/miguelarcangel.com\/?p=12\" \/>\n<meta property=\"og:site_name\" content=\"Miguel Arc\u00e1ngel\" \/>\n<meta property=\"article:published_time\" content=\"2026-05-01T16:19:43+00:00\" \/>\n<meta name=\"author\" content=\"admin\" \/>\n<meta name=\"twitter:card\" content=\"summary_large_image\" \/>\n<meta name=\"twitter:label1\" content=\"Escrito por\" \/>\n\t<meta name=\"twitter:data1\" content=\"admin\" \/>\n\t<meta name=\"twitter:label2\" content=\"Tiempo de lectura\" \/>\n\t<meta name=\"twitter:data2\" content=\"1 minuto\" \/>\n<script type=\"application\/ld+json\" class=\"yoast-schema-graph\">{\"@context\":\"https:\\\/\\\/schema.org\",\"@graph\":[{\"@type\":\"Article\",\"@id\":\"https:\\\/\\\/miguelarcangel.com\\\/?p=12#article\",\"isPartOf\":{\"@id\":\"https:\\\/\\\/miguelarcangel.com\\\/?p=12\"},\"author\":{\"name\":\"admin\",\"@id\":\"https:\\\/\\\/miguelarcangel.com\\\/#\\\/schema\\\/person\\\/c417d988b572ac61d26febe46c6855ea\"},\"headline\":\"Toque de queda regir\u00e1 desde el 3 de mayo en Pichincha y otras provincias\",\"datePublished\":\"2026-05-01T16:19:43+00:00\",\"mainEntityOfPage\":{\"@id\":\"https:\\\/\\\/miguelarcangel.com\\\/?p=12\"},\"wordCount\":123,\"commentCount\":0,\"image\":{\"@id\":\"https:\\\/\\\/miguelarcangel.com\\\/?p=12#primaryimage\"},\"thumbnailUrl\":\"https:\\\/\\\/miguelarcangel.com\\\/wp-content\\\/uploads\\\/2026\\\/05\\\/03-toque-queda.jpg\",\"articleSection\":[\"Nacionales\",\"Regionales\"],\"inLanguage\":\"es\",\"potentialAction\":[{\"@type\":\"CommentAction\",\"name\":\"Comment\",\"target\":[\"https:\\\/\\\/miguelarcangel.com\\\/?p=12#respond\"]}]},{\"@type\":\"WebPage\",\"@id\":\"https:\\\/\\\/miguelarcangel.com\\\/?p=12\",\"url\":\"https:\\\/\\\/miguelarcangel.com\\\/?p=12\",\"name\":\"Toque de queda regir\u00e1 desde el 3 de mayo en Pichincha y otras provincias - Miguel Arc\u00e1ngel\",\"isPartOf\":{\"@id\":\"https:\\\/\\\/miguelarcangel.com\\\/#website\"},\"primaryImageOfPage\":{\"@id\":\"https:\\\/\\\/miguelarcangel.com\\\/?p=12#primaryimage\"},\"image\":{\"@id\":\"https:\\\/\\\/miguelarcangel.com\\\/?p=12#primaryimage\"},\"thumbnailUrl\":\"https:\\\/\\\/miguelarcangel.com\\\/wp-content\\\/uploads\\\/2026\\\/05\\\/03-toque-queda.jpg\",\"datePublished\":\"2026-05-01T16:19:43+00:00\",\"author\":{\"@id\":\"https:\\\/\\\/miguelarcangel.com\\\/#\\\/schema\\\/person\\\/c417d988b572ac61d26febe46c6855ea\"},\"breadcrumb\":{\"@id\":\"https:\\\/\\\/miguelarcangel.com\\\/?p=12#breadcrumb\"},\"inLanguage\":\"es\",\"potentialAction\":[{\"@type\":\"ReadAction\",\"target\":[\"https:\\\/\\\/miguelarcangel.com\\\/?p=12\"]}]},{\"@type\":\"ImageObject\",\"inLanguage\":\"es\",\"@id\":\"https:\\\/\\\/miguelarcangel.com\\\/?p=12#primaryimage\",\"url\":\"https:\\\/\\\/miguelarcangel.com\\\/wp-content\\\/uploads\\\/2026\\\/05\\\/03-toque-queda.jpg\",\"contentUrl\":\"https:\\\/\\\/miguelarcangel.com\\\/wp-content\\\/uploads\\\/2026\\\/05\\\/03-toque-queda.jpg\",\"width\":1280,\"height\":1024},{\"@type\":\"BreadcrumbList\",\"@id\":\"https:\\\/\\\/miguelarcangel.com\\\/?p=12#breadcrumb\",\"itemListElement\":[{\"@type\":\"ListItem\",\"position\":1,\"name\":\"Portada\",\"item\":\"https:\\\/\\\/miguelarcangel.com\\\/\"},{\"@type\":\"ListItem\",\"position\":2,\"name\":\"Toque de queda regir\u00e1 desde el 3 de mayo en Pichincha y otras provincias\"}]},{\"@type\":\"WebSite\",\"@id\":\"https:\\\/\\\/miguelarcangel.com\\\/#website\",\"url\":\"https:\\\/\\\/miguelarcangel.com\\\/\",\"name\":\"Miguel Arc\u00e1ngel\",\"description\":\"\",\"potentialAction\":[{\"@type\":\"SearchAction\",\"target\":{\"@type\":\"EntryPoint\",\"urlTemplate\":\"https:\\\/\\\/miguelarcangel.com\\\/?s={search_term_string}\"},\"query-input\":{\"@type\":\"PropertyValueSpecification\",\"valueRequired\":true,\"valueName\":\"search_term_string\"}}],\"inLanguage\":\"es\"},{\"@type\":\"Person\",\"@id\":\"https:\\\/\\\/miguelarcangel.com\\\/#\\\/schema\\\/person\\\/c417d988b572ac61d26febe46c6855ea\",\"name\":\"admin\",\"image\":{\"@type\":\"ImageObject\",\"inLanguage\":\"es\",\"@id\":\"https:\\\/\\\/secure.gravatar.com\\\/avatar\\\/07243bc189448fd71a2d8cf17a279bfb84f39ae37bde4f2a9f3d1912d25ae5b9?s=96&d=mm&r=g\",\"url\":\"https:\\\/\\\/secure.gravatar.com\\\/avatar\\\/07243bc189448fd71a2d8cf17a279bfb84f39ae37bde4f2a9f3d1912d25ae5b9?s=96&d=mm&r=g\",\"contentUrl\":\"https:\\\/\\\/secure.gravatar.com\\\/avatar\\\/07243bc189448fd71a2d8cf17a279bfb84f39ae37bde4f2a9f3d1912d25ae5b9?s=96&d=mm&r=g\",\"caption\":\"admin\"},\"sameAs\":[\"https:\\\/\\\/miguelarcangel.com\"],\"url\":\"https:\\\/\\\/miguelarcangel.com\\\/?author=1\"}]}<\/script>\n<!-- \/ Yoast SEO plugin. -->","yoast_head_json":{"title":"Toque de queda regir\u00e1 desde el 3 de mayo en Pichincha y otras provincias - Miguel Arc\u00e1ngel","robots":{"index":"index","follow":"follow","max-snippet":"max-snippet:-1","max-image-preview":"max-image-preview:large","max-video-preview":"max-video-preview:-1"},"canonical":"https:\/\/miguelarcangel.com\/?p=12","og_locale":"es_ES","og_type":"article","og_title":"Toque de queda regir\u00e1 desde el 3 de mayo en Pichincha y otras provincias - Miguel Arc\u00e1ngel","og_description":"La restricci\u00f3n de movilidad ser\u00e1 de 23:00 a 05:00, desde el domingo 3 hasta el lunes 18 de mayo de 2026, e incluye a la provincia de Pichincha.","og_url":"https:\/\/miguelarcangel.com\/?p=12","og_site_name":"Miguel Arc\u00e1ngel","article_published_time":"2026-05-01T16:19:43+00:00","author":"admin","twitter_card":"summary_large_image","twitter_misc":{"Escrito por":"admin","Tiempo de lectura":"1 minuto"},"schema":{"@context":"https:\/\/schema.org","@graph":[{"@type":"Article","@id":"https:\/\/miguelarcangel.com\/?p=12#article","isPartOf":{"@id":"https:\/\/miguelarcangel.com\/?p=12"},"author":{"name":"admin","@id":"https:\/\/miguelarcangel.com\/#\/schema\/person\/c417d988b572ac61d26febe46c6855ea"},"headline":"Toque de queda regir\u00e1 desde el 3 de mayo en Pichincha y otras provincias","datePublished":"2026-05-01T16:19:43+00:00","mainEntityOfPage":{"@id":"https:\/\/miguelarcangel.com\/?p=12"},"wordCount":123,"commentCount":0,"image":{"@id":"https:\/\/miguelarcangel.com\/?p=12#primaryimage"},"thumbnailUrl":"https:\/\/miguelarcangel.com\/wp-content\/uploads\/2026\/05\/03-toque-queda.jpg","articleSection":["Nacionales","Regionales"],"inLanguage":"es","potentialAction":[{"@type":"CommentAction","name":"Comment","target":["https:\/\/miguelarcangel.com\/?p=12#respond"]}]},{"@type":"WebPage","@id":"https:\/\/miguelarcangel.com\/?p=12","url":"https:\/\/miguelarcangel.com\/?p=12","name":"Toque de queda regir\u00e1 desde el 3 de mayo en Pichincha y otras provincias - Miguel Arc\u00e1ngel","isPartOf":{"@id":"https:\/\/miguelarcangel.com\/#website"},"primaryImageOfPage":{"@id":"https:\/\/miguelarcangel.com\/?p=12#primaryimage"},"image":{"@id":"https:\/\/miguelarcangel.com\/?p=12#primaryimage"},"thumbnailUrl":"https:\/\/miguelarcangel.com\/wp-content\/uploads\/2026\/05\/03-toque-queda.jpg","datePublished":"2026-05-01T16:19:43+00:00","author":{"@id":"https:\/\/miguelarcangel.com\/#\/schema\/person\/c417d988b572ac61d26febe46c6855ea"},"breadcrumb":{"@id":"https:\/\/miguelarcangel.com\/?p=12#breadcrumb"},"inLanguage":"es","potentialAction":[{"@type":"ReadAction","target":["https:\/\/miguelarcangel.com\/?p=12"]}]},{"@type":"ImageObject","inLanguage":"es","@id":"https:\/\/miguelarcangel.com\/?p=12#primaryimage","url":"https:\/\/miguelarcangel.com\/wp-content\/uploads\/2026\/05\/03-toque-queda.jpg","contentUrl":"https:\/\/miguelarcangel.com\/wp-content\/uploads\/2026\/05\/03-toque-queda.jpg","width":1280,"height":1024},{"@type":"BreadcrumbList","@id":"https:\/\/miguelarcangel.com\/?p=12#breadcrumb","itemListElement":[{"@type":"ListItem","position":1,"name":"Portada","item":"https:\/\/miguelarcangel.com\/"},{"@type":"ListItem","position":2,"name":"Toque de queda regir\u00e1 desde el 3 de mayo en Pichincha y otras provincias"}]},{"@type":"WebSite","@id":"https:\/\/miguelarcangel.com\/#website","url":"https:\/\/miguelarcangel.com\/","name":"Miguel Arc\u00e1ngel","description":"","potentialAction":[{"@type":"SearchAction","target":{"@type":"EntryPoint","urlTemplate":"https:\/\/miguelarcangel.com\/?s={search_term_string}"},"query-input":{"@type":"PropertyValueSpecification","valueRequired":true,"valueName":"search_term_string"}}],"inLanguage":"es"},{"@type":"Person","@id":"https:\/\/miguelarcangel.com\/#\/schema\/person\/c417d988b572ac61d26febe46c6855ea","name":"admin","image":{"@type":"ImageObject","inLanguage":"es","@id":"https:\/\/secure.gravatar.com\/avatar\/07243bc189448fd71a2d8cf17a279bfb84f39ae37bde4f2a9f3d1912d25ae5b9?s=96&d=mm&r=g","url":"https:\/\/secure.gravatar.com\/avatar\/07243bc189448fd71a2d8cf17a279bfb84f39ae37bde4f2a9f3d1912d25ae5b9?s=96&d=mm&r=g","contentUrl":"https:\/\/secure.gravatar.com\/avatar\/07243bc189448fd71a2d8cf17a279bfb84f39ae37bde4f2a9f3d1912d25ae5b9?s=96&d=mm&r=g","caption":"admin"},"sameAs":["https:\/\/miguelarcangel.com"],"url":"https:\/\/miguelarcangel.com\/?author=1"}]}},"_links":{"self":[{"href":"https:\/\/miguelarcangel.com\/index.php?rest_route=\/wp\/v2\/posts\/12","targetHints":{"allow":["GET"]}}],"collection":[{"href":"https:\/\/miguelarcangel.com\/index.php?rest_route=\/wp\/v2\/posts"}],"about":[{"href":"https:\/\/miguelarcangel.com\/index.php?rest_route=\/wp\/v2\/types\/post"}],"author":[{"embeddable":true,"href":"https:\/\/miguelarcangel.com\/index.php?rest_route=\/wp\/v2\/users\/1"}],"replies":[{"embeddable":true,"href":"https:\/\/miguelarcangel.com\/index.php?rest_route=%2Fwp%2Fv2%2Fcomments&post=12"}],"version-history":[{"count":0,"href":"https:\/\/miguelarcangel.com\/index.php?rest_route=\/wp\/v2\/posts\/12\/revisions"}],"wp:featuredmedia":[{"embeddable":true,"href":"https:\/\/miguelarcangel.com\/index.php?rest_route=\/wp\/v2\/media\/13"}],"wp:attachment":[{"href":"https:\/\/miguelarcangel.com\/index.php?rest_route=%2Fwp%2Fv2%2Fmedia&parent=12"}],"wp:term":[{"taxonomy":"category","embeddable":true,"href":"https:\/\/miguelarcangel.com\/index.php?rest_route=%2Fwp%2Fv2%2Fcategories&post=12"},{"taxonomy":"post_tag","embeddable":true,"href":"https:\/\/miguelarcangel.com\/index.php?rest_route=%2Fwp%2Fv2%2Ftags&post=12"}],"curies":[{"name":"wp","href":"https:\/\/api.w.org\/{rel}","templated":true}]}}